{"id":28146,"date":"2026-09-03T21:17:11","date_gmt":"2026-09-04T04:17:11","guid":{"rendered":"https:\/\/sistersofprovidence.net\/le-service-pastoral-du-centre-medical-providence-sacred-heart-celebre-ses-140-ans-au-service-de-la-guerison\/"},"modified":"2026-09-03T21:18:08","modified_gmt":"2026-09-04T04:18:08","slug":"le-service-pastoral-du-centre-medical-providence-sacred-heart-celebre-ses-140-ans-au-service-de-la-guerison","status":"publish","type":"post","link":"https:\/\/sistersofprovidence.net\/fr\/le-service-pastoral-du-centre-medical-providence-sacred-heart-celebre-ses-140-ans-au-service-de-la-guerison\/","title":{"rendered":"Le service pastoral du Centre m\u00e9dical Providence Sacred Heart c\u00e9l\u00e8bre ses 140 ans au service de la gu\u00e9rison"},"content":{"rendered":"\n<p class=\"wp-block-paragraph\">Une institution de longue date fond\u00e9e par les S\u0153urs de la Providence c\u00e9l\u00e8bre ses 140 ans au service de la communaut\u00e9 de Spokane. Au fil de son histoire riche en \u00e9v\u00e9nements, <a href=\"https:\/\/www.providence.org\/locations\/wa\/sacred-heart-medical-center\" data-type=\"link\" data-id=\"https:\/\/www.providence.org\/locations\/wa\/sacred-heart-medical-center\">le Providence Sacred Heart Medical Center<\/a> s&rsquo;est d\u00e9velopp\u00e9 pour devenir l&rsquo;un des plus grands h\u00f4pitaux du nord-ouest des \u00c9tats-Unis, avec 644 lits.   <\/p>\n\n<p class=\"wp-block-paragraph\"><strong>Sr. Rosalie Locati, SP <\/strong>, a pris la parole lors d\u2019une messe comm\u00e9morative le 3 septembre, qui s\u2019est d\u00e9roul\u00e9e dans une chapelle situ\u00e9e sur le campus de l\u2019h\u00f4pital \u2013 dans les locaux qui abritent aujourd\u2019hui le Centre de soins ambulatoires Providence. Cette chapelle a appartenu \u00e0 l\u2019h\u00f4pital Sacred Heart de 1947 \u00e0 1972, et S\u0153ur Rosalie a soulign\u00e9 la place ch\u00e8re qu\u2019elle occupe dans l\u2019histoire de la congr\u00e9gation, puisqu\u2019elle a accueilli au fil des ans d\u2019innombrables renouvellements de v\u0153ux, jubil\u00e9s et messes fun\u00e9raires pour les s\u0153urs.    <\/p>\n<div class=\"wp-block-image\">\n<figure class=\"aligncenter size-large\"><img decoding=\"async\" width=\"1200\" height=\"800\" data-src=\"https:\/\/sistersofprovidence.net\/wp-content\/uploads\/2026\/09\/SH_Rosalie_140th-Mass-1200x800.jpg\" src=\"data:image\/gif;base64,R0lGODlhAQABAIAAAAAAAP\/\/\/yH5BAEAAAAALAAAAAABAAEAAAIBRAA7\" alt=\"S&#x153;ur Rosalie Locati prend la parole au cours d'une messe. \" class=\"wp-image-28138 lazyload\"\/><noscript><img decoding=\"async\" width=\"1200\" height=\"800\" src=\"https:\/\/sistersofprovidence.net\/wp-content\/uploads\/2026\/09\/SH_Rosalie_140th-Mass-1200x800.jpg\" alt=\"S\u0153ur Rosalie Locati prend la parole au cours d&#039;une messe. \" class=\"wp-image-28138\" srcset=\"https:\/\/sistersofprovidence.net\/wp-content\/uploads\/2026\/09\/SH_Rosalie_140th-Mass-1200x800.jpg 1200w, https:\/\/sistersofprovidence.net\/wp-content\/uploads\/2026\/09\/SH_Rosalie_140th-Mass-450x300.jpg 450w, https:\/\/sistersofprovidence.net\/wp-content\/uploads\/2026\/09\/SH_Rosalie_140th-Mass-250x167.jpg 250w, https:\/\/sistersofprovidence.net\/wp-content\/uploads\/2026\/09\/SH_Rosalie_140th-Mass-768x512.jpg 768w, https:\/\/sistersofprovidence.net\/wp-content\/uploads\/2026\/09\/SH_Rosalie_140th-Mass-1536x1024.jpg 1536w, https:\/\/sistersofprovidence.net\/wp-content\/uploads\/2026\/09\/SH_Rosalie_140th-Mass-2048x1366.jpg 2048w, https:\/\/sistersofprovidence.net\/wp-content\/uploads\/2026\/09\/SH_Rosalie_140th-Mass-540x360.jpg 540w, https:\/\/sistersofprovidence.net\/wp-content\/uploads\/2026\/09\/SH_Rosalie_140th-Mass-1080x720.jpg 1080w, https:\/\/sistersofprovidence.net\/wp-content\/uploads\/2026\/09\/SH_Rosalie_140th-Mass-1980x1320.jpg 1980w\" sizes=\"(max-width: 1200px) 100vw, 1200px\" \/><\/noscript><figcaption class=\"wp-element-caption\">S\u0153ur Rosalie Locati prend la parole lors d&rsquo;une messe comm\u00e9morative c\u00e9l\u00e9brant le 140e anniversaire d&rsquo;activit\u00e9 du Providence Sacred Heart Medical Center. (Via Zoom\/Providence Sacred Heart Medical Center)  <\/figcaption><\/figure>\n<\/div>\n<p class=\"wp-block-paragraph\">S\u0153ur Rosalie \u00e9tait la personne id\u00e9ale pour marquer ce<sup>140e<\/sup> anniversaire : elle a consacr\u00e9 plus de deux d\u00e9cennies \u00e0 son minist\u00e8re au Centre m\u00e9dical, o\u00f9 elle a notamment occup\u00e9 le poste de directrice de la mission et des valeurs de l&rsquo;\u00e9tablissement.   <\/p>\n\n<p class=\"wp-block-paragraph\">Le Sacr\u00e9-C\u0153ur occupe une place centrale dans l\u2019histoire des S\u0153urs de la Providence dans l\u2019Ouest am\u00e9ricain. M\u00e8re Joseph a con\u00e7u et supervis\u00e9 la construction du premier h\u00f4pital \u00e0 partir de 1886, trente ans apr\u00e8s son arriv\u00e9e \u00e0 Fort Vancouver. Le premier patient y a \u00e9t\u00e9 admis en 1887, marquant ainsi le d\u00e9but officiel de l\u2019histoire du premier h\u00f4pital de la r\u00e9gion.    <\/p>\n\n<div class=\"wp-block-jetpack-slideshow aligncenter\" data-effect=\"slide\" style=\"--aspect-ratio:calc(580 \/ 387)\"><div class=\"wp-block-jetpack-slideshow_container swiper\"><ul class=\"wp-block-jetpack-slideshow_swiper-wrapper swiper-wrapper\"><li class=\"wp-block-jetpack-slideshow_slide swiper-slide\"><figure><img decoding=\"async\" width=\"1200\" height=\"800\" data-src=\"https:\/\/sistersofprovidence.net\/wp-content\/uploads\/2026\/09\/SH_Exterior-B-1200x800.jpg\" alt=\"Image d'archive de l'ancien h\u00f4pital Sacred Heart de Spokane.\" class=\"wp-block-jetpack-slideshow_image wp-image-28139 lazyload\" data-id=\"28139\" data-aspect-ratio=\"580 \/ 387\" src=\"data:image\/gif;base64,R0lGODlhAQABAIAAAAAAAP\/\/\/yH5BAEAAAAALAAAAAABAAEAAAIBRAA7\"><noscript><img decoding=\"async\" width=\"1200\" height=\"800\" alt=\"Image d&#039;archive de l&#039;ancien h\u00f4pital Sacred Heart de Spokane.\" class=\"wp-block-jetpack-slideshow_image wp-image-28139\" data-id=\"28139\" data-aspect-ratio=\"580 \/ 387\" src=\"https:\/\/sistersofprovidence.net\/wp-content\/uploads\/2026\/09\/SH_Exterior-B-1200x800.jpg\" srcset=\"https:\/\/sistersofprovidence.net\/wp-content\/uploads\/2026\/09\/SH_Exterior-B-1200x800.jpg 1200w, https:\/\/sistersofprovidence.net\/wp-content\/uploads\/2026\/09\/SH_Exterior-B-450x300.jpg 450w, https:\/\/sistersofprovidence.net\/wp-content\/uploads\/2026\/09\/SH_Exterior-B-250x167.jpg 250w, https:\/\/sistersofprovidence.net\/wp-content\/uploads\/2026\/09\/SH_Exterior-B-768x512.jpg 768w, https:\/\/sistersofprovidence.net\/wp-content\/uploads\/2026\/09\/SH_Exterior-B-1536x1024.jpg 1536w, https:\/\/sistersofprovidence.net\/wp-content\/uploads\/2026\/09\/SH_Exterior-B-2048x1365.jpg 2048w, https:\/\/sistersofprovidence.net\/wp-content\/uploads\/2026\/09\/SH_Exterior-B-540x360.jpg 540w, https:\/\/sistersofprovidence.net\/wp-content\/uploads\/2026\/09\/SH_Exterior-B-1080x720.jpg 1080w, https:\/\/sistersofprovidence.net\/wp-content\/uploads\/2026\/09\/SH_Exterior-B-1980x1320.jpg 1980w\" sizes=\"(max-width: 1200px) 100vw, 1200px\" \/><\/noscript><figcaption class=\"wp-block-jetpack-slideshow_caption gallery-caption\">L&rsquo;h\u00f4pital du Sacr\u00e9-C\u0153ur d&rsquo;origine, tel que l&rsquo;avait con\u00e7u M\u00e8re Joseph, \u00e9tait situ\u00e9 entre Front Avenue et la rue Bernard \u00e0 Spokane. (Avec l&rsquo;aimable autorisation des Archives de Providence) <\/figcaption><\/figure><\/li><li class=\"wp-block-jetpack-slideshow_slide swiper-slide\"><figure><img decoding=\"async\" width=\"1200\" height=\"800\" data-src=\"https:\/\/sistersofprovidence.net\/wp-content\/uploads\/2026\/09\/SH_Patient-B-1200x800.jpg\" alt=\"S\u0153ur Mary Francine Dolezal, responsable du service de maternit\u00e9 \u00e0 l'h\u00f4pital du Sacr\u00e9-C\u0153ur, en 1944\" class=\"wp-block-jetpack-slideshow_image wp-image-28141 lazyload\" data-id=\"28141\" data-aspect-ratio=\"580 \/ 387\" src=\"data:image\/gif;base64,R0lGODlhAQABAIAAAAAAAP\/\/\/yH5BAEAAAAALAAAAAABAAEAAAIBRAA7\"><noscript><img decoding=\"async\" width=\"1200\" height=\"800\" alt=\"S\u0153ur Mary Francine Dolezal, responsable du service de maternit\u00e9 \u00e0 l&#039;h\u00f4pital du Sacr\u00e9-C\u0153ur, en 1944\" class=\"wp-block-jetpack-slideshow_image wp-image-28141\" data-id=\"28141\" data-aspect-ratio=\"580 \/ 387\" src=\"https:\/\/sistersofprovidence.net\/wp-content\/uploads\/2026\/09\/SH_Patient-B-1200x800.jpg\" srcset=\"https:\/\/sistersofprovidence.net\/wp-content\/uploads\/2026\/09\/SH_Patient-B-1200x800.jpg 1200w, https:\/\/sistersofprovidence.net\/wp-content\/uploads\/2026\/09\/SH_Patient-B-450x300.jpg 450w, https:\/\/sistersofprovidence.net\/wp-content\/uploads\/2026\/09\/SH_Patient-B-250x167.jpg 250w, https:\/\/sistersofprovidence.net\/wp-content\/uploads\/2026\/09\/SH_Patient-B-768x512.jpg 768w, https:\/\/sistersofprovidence.net\/wp-content\/uploads\/2026\/09\/SH_Patient-B-1536x1024.jpg 1536w, https:\/\/sistersofprovidence.net\/wp-content\/uploads\/2026\/09\/SH_Patient-B-540x360.jpg 540w, https:\/\/sistersofprovidence.net\/wp-content\/uploads\/2026\/09\/SH_Patient-B-1080x720.jpg 1080w, https:\/\/sistersofprovidence.net\/wp-content\/uploads\/2026\/09\/SH_Patient-B.jpg 1750w\" sizes=\"(max-width: 1200px) 100vw, 1200px\" \/><\/noscript><figcaption class=\"wp-block-jetpack-slideshow_caption gallery-caption\">S\u0153ur Mary Francine Dolezal \u00e9tait responsable du service de maternit\u00e9 \u00e0 l&rsquo;h\u00f4pital Sacred Heart. On la voit ici (avec deux nouveau-n\u00e9s) en 1944. (Avec l&rsquo;aimable autorisation des Archives de Providence)   <\/figcaption><\/figure><\/li><li class=\"wp-block-jetpack-slideshow_slide swiper-slide\"><figure><img decoding=\"async\" width=\"1200\" height=\"800\" data-src=\"https:\/\/sistersofprovidence.net\/wp-content\/uploads\/2026\/09\/SH_Patient-A-1200x800.jpg\" alt=\"S\u0153ur Magdalene de la Providence remettant des fleurs \u00e0 un patient, \u00e0 l'h\u00f4pital Sacred Heart de Spokane, dans l'\u00c9tat de Washington, vers 1968\" class=\"wp-block-jetpack-slideshow_image wp-image-28143 lazyload\" data-id=\"28143\" data-aspect-ratio=\"580 \/ 387\" src=\"data:image\/gif;base64,R0lGODlhAQABAIAAAAAAAP\/\/\/yH5BAEAAAAALAAAAAABAAEAAAIBRAA7\"><noscript><img decoding=\"async\" width=\"1200\" height=\"800\" alt=\"S\u0153ur Magdalene de la Providence remettant des fleurs \u00e0 un patient, \u00e0 l&#039;h\u00f4pital Sacred Heart de Spokane, dans l&#039;\u00c9tat de Washington, vers 1968\" class=\"wp-block-jetpack-slideshow_image wp-image-28143\" data-id=\"28143\" data-aspect-ratio=\"580 \/ 387\" src=\"https:\/\/sistersofprovidence.net\/wp-content\/uploads\/2026\/09\/SH_Patient-A-1200x800.jpg\" srcset=\"https:\/\/sistersofprovidence.net\/wp-content\/uploads\/2026\/09\/SH_Patient-A-1200x800.jpg 1200w, https:\/\/sistersofprovidence.net\/wp-content\/uploads\/2026\/09\/SH_Patient-A-450x300.jpg 450w, https:\/\/sistersofprovidence.net\/wp-content\/uploads\/2026\/09\/SH_Patient-A-250x167.jpg 250w, https:\/\/sistersofprovidence.net\/wp-content\/uploads\/2026\/09\/SH_Patient-A-768x512.jpg 768w, https:\/\/sistersofprovidence.net\/wp-content\/uploads\/2026\/09\/SH_Patient-A-1536x1025.jpg 1536w, https:\/\/sistersofprovidence.net\/wp-content\/uploads\/2026\/09\/SH_Patient-A-2048x1366.jpg 2048w, https:\/\/sistersofprovidence.net\/wp-content\/uploads\/2026\/09\/SH_Patient-A-540x360.jpg 540w, https:\/\/sistersofprovidence.net\/wp-content\/uploads\/2026\/09\/SH_Patient-A-1080x720.jpg 1080w, https:\/\/sistersofprovidence.net\/wp-content\/uploads\/2026\/09\/SH_Patient-A-1980x1321.jpg 1980w\" sizes=\"(max-width: 1200px) 100vw, 1200px\" \/><\/noscript><figcaption class=\"wp-block-jetpack-slideshow_caption gallery-caption\">S\u0153ur Madeleine de la Providence remet des fleurs \u00e0 un patient de l&rsquo;h\u00f4pital du Sacr\u00e9-C\u0153ur, comme on l&rsquo;appelait alors, en 1968. (Avec l&rsquo;aimable autorisation des Archives de Providence)  <\/figcaption><\/figure><\/li><li class=\"wp-block-jetpack-slideshow_slide swiper-slide\"><figure><img decoding=\"async\" width=\"1200\" height=\"800\" data-src=\"https:\/\/sistersofprovidence.net\/wp-content\/uploads\/2026\/09\/SH_Pharmacy-1200x800.jpg\" alt=\"S\u0153ur Annette Mary Parent, pharmacienne au Centre m\u00e9dical du Sacr\u00e9-C\u0153ur, \u00e0 la fin des ann\u00e9es 1970\" class=\"wp-block-jetpack-slideshow_image wp-image-28140 lazyload\" data-id=\"28140\" data-aspect-ratio=\"580 \/ 387\" src=\"data:image\/gif;base64,R0lGODlhAQABAIAAAAAAAP\/\/\/yH5BAEAAAAALAAAAAABAAEAAAIBRAA7\"><noscript><img decoding=\"async\" width=\"1200\" height=\"800\" alt=\"S\u0153ur Annette Mary Parent, pharmacienne au Centre m\u00e9dical du Sacr\u00e9-C\u0153ur, \u00e0 la fin des ann\u00e9es 1970\" class=\"wp-block-jetpack-slideshow_image wp-image-28140\" data-id=\"28140\" data-aspect-ratio=\"580 \/ 387\" src=\"https:\/\/sistersofprovidence.net\/wp-content\/uploads\/2026\/09\/SH_Pharmacy-1200x800.jpg\" srcset=\"https:\/\/sistersofprovidence.net\/wp-content\/uploads\/2026\/09\/SH_Pharmacy-1200x800.jpg 1200w, https:\/\/sistersofprovidence.net\/wp-content\/uploads\/2026\/09\/SH_Pharmacy-450x300.jpg 450w, https:\/\/sistersofprovidence.net\/wp-content\/uploads\/2026\/09\/SH_Pharmacy-250x167.jpg 250w, https:\/\/sistersofprovidence.net\/wp-content\/uploads\/2026\/09\/SH_Pharmacy-768x512.jpg 768w, https:\/\/sistersofprovidence.net\/wp-content\/uploads\/2026\/09\/SH_Pharmacy-1536x1024.jpg 1536w, https:\/\/sistersofprovidence.net\/wp-content\/uploads\/2026\/09\/SH_Pharmacy-2048x1366.jpg 2048w, https:\/\/sistersofprovidence.net\/wp-content\/uploads\/2026\/09\/SH_Pharmacy-540x360.jpg 540w, https:\/\/sistersofprovidence.net\/wp-content\/uploads\/2026\/09\/SH_Pharmacy-1080x720.jpg 1080w, https:\/\/sistersofprovidence.net\/wp-content\/uploads\/2026\/09\/SH_Pharmacy-1980x1320.jpg 1980w\" sizes=\"(max-width: 1200px) 100vw, 1200px\" \/><\/noscript><figcaption class=\"wp-block-jetpack-slideshow_caption gallery-caption\">S\u0153ur Annette Mary Parent exer\u00e7ait la profession de pharmacienne \u00e0 Sacred Heart \u00e0 la fin des ann\u00e9es 1970. (Avec l&rsquo;aimable autorisation des Archives de Providence)  <\/figcaption><\/figure><\/li><li class=\"wp-block-jetpack-slideshow_slide swiper-slide\"><figure><img decoding=\"async\" width=\"1200\" height=\"800\" data-src=\"https:\/\/sistersofprovidence.net\/wp-content\/uploads\/2026\/09\/SH_Aerial-1200x800.jpg\" alt=\"Vue a\u00e9rienne du Providence Sacred Heart Medical Center dans les ann\u00e9es 1960.\" class=\"wp-block-jetpack-slideshow_image wp-image-28144 lazyload\" data-id=\"28144\" data-aspect-ratio=\"580 \/ 387\" src=\"data:image\/gif;base64,R0lGODlhAQABAIAAAAAAAP\/\/\/yH5BAEAAAAALAAAAAABAAEAAAIBRAA7\"><noscript><img decoding=\"async\" width=\"1200\" height=\"800\" alt=\"Vue a\u00e9rienne du Providence Sacred Heart Medical Center dans les ann\u00e9es 1960.\" class=\"wp-block-jetpack-slideshow_image wp-image-28144\" data-id=\"28144\" data-aspect-ratio=\"580 \/ 387\" src=\"https:\/\/sistersofprovidence.net\/wp-content\/uploads\/2026\/09\/SH_Aerial-1200x800.jpg\" srcset=\"https:\/\/sistersofprovidence.net\/wp-content\/uploads\/2026\/09\/SH_Aerial-1200x800.jpg 1200w, https:\/\/sistersofprovidence.net\/wp-content\/uploads\/2026\/09\/SH_Aerial-450x300.jpg 450w, https:\/\/sistersofprovidence.net\/wp-content\/uploads\/2026\/09\/SH_Aerial-250x167.jpg 250w, https:\/\/sistersofprovidence.net\/wp-content\/uploads\/2026\/09\/SH_Aerial-768x512.jpg 768w, https:\/\/sistersofprovidence.net\/wp-content\/uploads\/2026\/09\/SH_Aerial-1536x1024.jpg 1536w, https:\/\/sistersofprovidence.net\/wp-content\/uploads\/2026\/09\/SH_Aerial-2048x1365.jpg 2048w, https:\/\/sistersofprovidence.net\/wp-content\/uploads\/2026\/09\/SH_Aerial-540x360.jpg 540w, https:\/\/sistersofprovidence.net\/wp-content\/uploads\/2026\/09\/SH_Aerial-1080x720.jpg 1080w, https:\/\/sistersofprovidence.net\/wp-content\/uploads\/2026\/09\/SH_Aerial-1980x1320.jpg 1980w\" sizes=\"(max-width: 1200px) 100vw, 1200px\" \/><\/noscript><figcaption class=\"wp-block-jetpack-slideshow_caption gallery-caption\">Vue a\u00e9rienne du Providence Sacred Heart Medical Center dans les ann\u00e9es 1960 (avec l&rsquo;aimable autorisation des archives de Providence)<\/figcaption><\/figure><\/li><li class=\"wp-block-jetpack-slideshow_slide swiper-slide\"><figure><img decoding=\"async\" width=\"1200\" height=\"800\" data-src=\"https:\/\/sistersofprovidence.net\/wp-content\/uploads\/2026\/09\/SH_Exterior-1200x800.jpg\" alt=\"Ext\u00e9rieurs de l'h\u00f4pital du Sacr\u00e9-C\u0153ur dans les ann\u00e9es 1980\" class=\"wp-block-jetpack-slideshow_image wp-image-28142 lazyload\" data-id=\"28142\" data-aspect-ratio=\"580 \/ 387\" src=\"data:image\/gif;base64,R0lGODlhAQABAIAAAAAAAP\/\/\/yH5BAEAAAAALAAAAAABAAEAAAIBRAA7\"><noscript><img decoding=\"async\" width=\"1200\" height=\"800\" alt=\"Ext\u00e9rieurs de l&#039;h\u00f4pital du Sacr\u00e9-C\u0153ur dans les ann\u00e9es 1980\" class=\"wp-block-jetpack-slideshow_image wp-image-28142\" data-id=\"28142\" data-aspect-ratio=\"580 \/ 387\" src=\"https:\/\/sistersofprovidence.net\/wp-content\/uploads\/2026\/09\/SH_Exterior-1200x800.jpg\" srcset=\"https:\/\/sistersofprovidence.net\/wp-content\/uploads\/2026\/09\/SH_Exterior-1200x800.jpg 1200w, https:\/\/sistersofprovidence.net\/wp-content\/uploads\/2026\/09\/SH_Exterior-450x300.jpg 450w, https:\/\/sistersofprovidence.net\/wp-content\/uploads\/2026\/09\/SH_Exterior-250x167.jpg 250w, https:\/\/sistersofprovidence.net\/wp-content\/uploads\/2026\/09\/SH_Exterior-768x512.jpg 768w, https:\/\/sistersofprovidence.net\/wp-content\/uploads\/2026\/09\/SH_Exterior-1536x1024.jpg 1536w, https:\/\/sistersofprovidence.net\/wp-content\/uploads\/2026\/09\/SH_Exterior-2048x1365.jpg 2048w, https:\/\/sistersofprovidence.net\/wp-content\/uploads\/2026\/09\/SH_Exterior-540x360.jpg 540w, https:\/\/sistersofprovidence.net\/wp-content\/uploads\/2026\/09\/SH_Exterior-1080x720.jpg 1080w, https:\/\/sistersofprovidence.net\/wp-content\/uploads\/2026\/09\/SH_Exterior-1980x1320.jpg 1980w\" sizes=\"(max-width: 1200px) 100vw, 1200px\" \/><\/noscript><figcaption class=\"wp-block-jetpack-slideshow_caption gallery-caption\">Vue ext\u00e9rieure de Sacred Heart dans les ann\u00e9es 1980 (avec l&rsquo;aimable autorisation des Archives de Providence)<\/figcaption><\/figure><\/li><\/ul><a class=\"wp-block-jetpack-slideshow_button-prev swiper-button-prev swiper-button-white\" role=\"button\"><\/a><a class=\"wp-block-jetpack-slideshow_button-next swiper-button-next swiper-button-white\" role=\"button\"><\/a><a aria-label=\"Pause Slideshow\" class=\"wp-block-jetpack-slideshow_button-pause\" role=\"button\"><\/a><div class=\"wp-block-jetpack-slideshow_pagination swiper-pagination swiper-pagination-white\"><\/div><\/div><\/div>\n\n<p class=\"wp-block-paragraph\">Le centre m\u00e9dical actuel, situ\u00e9 au sud du centre-ville de Spokane et inaugur\u00e9 en 1971, constitue la troisi\u00e8me g\u00e9n\u00e9ration d&rsquo;\u00e9tablissements abritant les soins du Sacred Heart.<\/p>\n\n<p class=\"wp-block-paragraph\"><em>Les photos et les informations historiques figurant dans cet article sont gracieusement fournies par les <a href=\"https:\/\/www.providence.org\/about\/providence-archives\" target=\"_blank\" rel=\"noopener\">Archives de Providence<\/a> et <a href=\"https:\/\/www.providence.org\/locations\/wa\/sacred-heart-medical-center\/about-us\/history\" target=\"_blank\" rel=\"noopener\">la page web consacr\u00e9e \u00e0 l&rsquo;histoire du Providence Sacred Heart Medical Center<\/a>.  <\/em><\/p>\n","protected":false},"excerpt":{"rendered":"<p>Une institution de longue date fond\u00e9e par les S\u0153urs de la Providence c\u00e9l\u00e8bre ses 140 ans au service de la communaut\u00e9 de Spokane. Au fil de son histoire&hellip;<\/p>\n","protected":false},"author":8,"featured_media":0,"comment_status":"closed","ping_status":"closed","sticky":false,"template":"","format":"standard","meta":{"_acf_changed":false,"_jetpack_newsletter_access":"","_jetpack_dont_email_post_to_subs":false,"_jetpack_newsletter_tier_id":0,"_jetpack_memberships_contains_paywalled_content":false,"_jetpack_feature_clip_id":0,"_jetpack_memberships_contains_paid_content":false,"footnotes":"","jetpack_post_was_ever_published":false,"_members_access_role":[],"_members_access_error":""},"categories":[296,295],"tags":[],"class_list":["post-28146","post","type-post","status-publish","format-standard","has-post-thumbnail","hentry","category-articles-en-vedette","category-nouvelles"],"acf":[],"jetpack_sharing_enabled":true,"jetpack_featured_media_url":"","_links":{"self":[{"href":"https:\/\/sistersofprovidence.net\/fr\/wp-json\/wp\/v2\/posts\/28146","targetHints":{"allow":["GET"]}}],"collection":[{"href":"https:\/\/sistersofprovidence.net\/fr\/wp-json\/wp\/v2\/posts"}],"about":[{"href":"https:\/\/sistersofprovidence.net\/fr\/wp-json\/wp\/v2\/types\/post"}],"author":[{"embeddable":true,"href":"https:\/\/sistersofprovidence.net\/fr\/wp-json\/wp\/v2\/users\/8"}],"replies":[{"embeddable":true,"href":"https:\/\/sistersofprovidence.net\/fr\/wp-json\/wp\/v2\/comments?post=28146"}],"version-history":[{"count":1,"href":"https:\/\/sistersofprovidence.net\/fr\/wp-json\/wp\/v2\/posts\/28146\/revisions"}],"predecessor-version":[{"id":28152,"href":"https:\/\/sistersofprovidence.net\/fr\/wp-json\/wp\/v2\/posts\/28146\/revisions\/28152"}],"wp:attachment":[{"href":"https:\/\/sistersofprovidence.net\/fr\/wp-json\/wp\/v2\/media?parent=28146"}],"wp:term":[{"taxonomy":"category","embeddable":true,"href":"https:\/\/sistersofprovidence.net\/fr\/wp-json\/wp\/v2\/categories?post=28146"},{"taxonomy":"post_tag","embeddable":true,"href":"https:\/\/sistersofprovidence.net\/fr\/wp-json\/wp\/v2\/tags?post=28146"}],"curies":[{"name":"wp","href":"https:\/\/api.w.org\/{rel}","templated":true}]}}